{"id":1230,"date":"2017-03-02T23:35:13","date_gmt":"2017-03-02T21:35:13","guid":{"rendered":"http:\/\/www.kkp.wieprz.eu\/?p=1230"},"modified":"2017-03-02T23:47:41","modified_gmt":"2017-03-02T21:47:41","slug":"kkp-meksyk-orizaba","status":"publish","type":"post","link":"http:\/\/www.kkp.wieprz.eu\/?p=1230","title":{"rendered":"KKP Meksyk &#8211; ORIZABA"},"content":{"rendered":"<p><strong><img loading=\"lazy\" class=\"alignleft size-medium\" src=\"https:\/\/upload.wikimedia.org\/wikipedia\/commons\/thumb\/f\/fc\/Flag_of_Mexico.svg\/200px-Flag_of_Mexico.svg.png\" width=\"200\" height=\"114\" \/>MEKSYK \u2013 ORIZABA 10.03.2017 godzina 19:00<\/strong><\/p>\n<p style=\"text-align: justify;\">Marcowe spotkanie podr\u00f3\u017cnicze poprowadz\u0105 dwie osoby: Bo\u017cena Kotlarczyk (znana nam ju\u017c wcze\u015bniej \u015bwietna prelegentka ze spotka\u0144: Etiopia 2008, Kaszmir 2010, Birma 2011 i Kolumbia 2012) i Marta Byd\u0142o\u0144. Panie wyjecha\u0142y do Meksyku w dw\u00f3ch celach;<\/p>\n<p style=\"text-align: justify;\">&#8211; zobaczy\u0107 Dzie\u0144 Zmar\u0142ych \u2013 dwudniow\u0105 celebracj\u0119 \u015bmierci kt\u00f3ra zupe\u0142nie nie przypomina naszych zwyczaj\u00f3w z okazji Wszystkich \u015awi\u0119tych. W trakcie tego wydarzenia kulturowego pojawiaj\u0105 si\u0119 symbole \u015bmierci w postaci masek i niezwyk\u0142ych stroj\u00f3w. \u015awi\u0119tuje si\u0119 przy grobach zmar\u0142ych a nawet spo\u017cywa si\u0119 tam posi\u0142ki i organizuje libacje!<\/p>\n<p style=\"text-align: justify;\">&#8211; wspi\u0105\u0107 si\u0119 na wulkan a zarazem najwy\u017cszy szczyt Meksyku \u2013 Orizab\u0119 5636 m.n.p.m. Prelegentki kochaj\u0105 g\u00f3ry i jak tylko maj\u0105 chwil\u0119 czasu to ruszaj\u0105 cho\u0107by i na koniec \u015bwiata by wej\u015b\u0107 na najpi\u0119kniejsze a czasem i najwy\u017csze g\u00f3ry. Ta pasja to nie tylko przyjemno\u015b\u0107 ale porz\u0105dny trening by by\u0107 w najlepszej formie fizycznej przez ca\u0142y czas.<\/p>\n<p style=\"text-align: justify;\">Do jedzenia zaserwujemy nachos i kilka sals. Moje ulubione przek\u0105ski nie tylko z Meksyku ale tak\u017ce i z ma\u0142ej gastronomii w kinach :).<\/p>\n<p style=\"text-align: justify;\">Zapraszamy w drugi pi\u0105tek marca o godzinie 19.<\/p>\n","protected":false},"excerpt":{"rendered":"<p>MEKSYK \u2013 ORIZABA 10.03.2017 godzina 19:00 Marcowe spotkanie podr\u00f3\u017cnicze poprowadz\u0105 dwie osoby: Bo\u017cena Kotlarczyk (znana nam ju\u017c wcze\u015bniej \u015bwietna prelegentka ze spotka\u0144: Etiopia 2008, Kaszmir 2010, Birma 2011 i Kolumbia 2012) i Marta Byd\u0142o\u0144. Panie wyjecha\u0142y do Meksyku w dw\u00f3ch celach; &#8211; zobaczy\u0107 Dzie\u0144 Zmar\u0142ych \u2013 dwudniow\u0105 celebracj\u0119 \u015bmierci kt\u00f3ra zupe\u0142nie nie przypomina naszych zwyczaj\u00f3w &hellip;<\/p>\n","protected":false},"author":1,"featured_media":0,"comment_status":"open","ping_status":"open","sticky":false,"template":"","format":"standard","meta":{"_links_to":"","_links_to_target":""},"categories":[3,7],"tags":[],"_links":{"self":[{"href":"http:\/\/www.kkp.wieprz.eu\/index.php?rest_route=\/wp\/v2\/posts\/1230"}],"collection":[{"href":"http:\/\/www.kkp.wieprz.eu\/index.php?rest_route=\/wp\/v2\/posts"}],"about":[{"href":"http:\/\/www.kkp.wieprz.eu\/index.php?rest_route=\/wp\/v2\/types\/post"}],"author":[{"embeddable":true,"href":"http:\/\/www.kkp.wieprz.eu\/index.php?rest_route=\/wp\/v2\/users\/1"}],"replies":[{"embeddable":true,"href":"http:\/\/www.kkp.wieprz.eu\/index.php?rest_route=%2Fwp%2Fv2%2Fcomments&post=1230"}],"version-history":[{"count":2,"href":"http:\/\/www.kkp.wieprz.eu\/index.php?rest_route=\/wp\/v2\/posts\/1230\/revisions"}],"predecessor-version":[{"id":1232,"href":"http:\/\/www.kkp.wieprz.eu\/index.php?rest_route=\/wp\/v2\/posts\/1230\/revisions\/1232"}],"wp:attachment":[{"href":"http:\/\/www.kkp.wieprz.eu\/index.php?rest_route=%2Fwp%2Fv2%2Fmedia&parent=1230"}],"wp:term":[{"taxonomy":"category","embeddable":true,"href":"http:\/\/www.kkp.wieprz.eu\/index.php?rest_route=%2Fwp%2Fv2%2Fcategories&post=1230"},{"taxonomy":"post_tag","embeddable":true,"href":"http:\/\/www.kkp.wieprz.eu\/index.php?rest_route=%2Fwp%2Fv2%2Ftags&post=1230"}],"curies":[{"name":"wp","href":"https:\/\/api.w.org\/{rel}","templated":true}]}}